{"id":4101,"date":"2026-09-01T16:06:13","date_gmt":"2026-09-01T19:06:13","guid":{"rendered":"https:\/\/www.globalcleantoalhas.com.br\/blog\/?p=4101"},"modified":"2026-09-01T16:06:22","modified_gmt":"2026-09-01T19:06:22","slug":"como-higienizar-capas-de-corte-do-jeito-certo","status":"publish","type":"post","link":"https:\/\/www.globalcleantoalhas.com.br\/blog\/como-higienizar-capas-de-corte-do-jeito-certo\/","title":{"rendered":"Como higienizar capas de corte do jeito certo"},"content":{"rendered":"<span class=\"span-reading-time rt-reading-time\" style=\"display: block;\"><span class=\"rt-label rt-prefix\">Tempo de leitura:<\/span> <span class=\"rt-time\"> 4<\/span> <span class=\"rt-label rt-postfix\">minutos<\/span><\/span>\n<p class=\"has-medium-font-size wp-block-paragraph\"><strong><em>Aprenda como higienizar capas de corte corretamente, evitar danos ao tecido e manter um padr\u00e3o profissional de limpeza no sal\u00e3o.<\/em><\/strong><\/p>\n\n\n\n<p class=\"wp-block-paragraph\">As <strong>capas de corte devem ser higienizadas ap\u00f3s o uso, com remo\u00e7\u00e3o de cabelos e res\u00edduos, lavagem adequada ao tipo de tecido, secagem completa e armazenamento em local limpo<\/strong>. Esse cuidado evita o ac\u00famulo de sujeira, preserva a pe\u00e7a e ajuda o sal\u00e3o a manter um padr\u00e3o profissional de higiene.<\/p>\n\n\n\n<p class=\"wp-block-paragraph\">Como essas capas passam por diferentes clientes ao longo da rotina, a higieniza\u00e7\u00e3o precisa seguir um processo bem definido. Temperatura da \u00e1gua, produtos utilizados, forma de lavagem e secagem influenciam diretamente no resultado e na durabilidade do material.<\/p>\n\n\n\n<p class=\"wp-block-paragraph\">Em sal\u00f5es e barbearias com grande fluxo de atendimentos, essa rotina tamb\u00e9m exige organiza\u00e7\u00e3o. Ter pe\u00e7as limpas sempre dispon\u00edveis evita improvisos e reduz o risco de reutilizar uma capa antes que ela esteja devidamente higienizada.<\/p>\n\n\n\n<ul class=\"wp-block-list\">\n<li><a href=\"https:\/\/www.globalcleantoalhas.com.br\/blog\/locacao-de-enxovais-para-clinicas-de-cirurgias-plastica\/\">Loca\u00e7\u00e3o de enxovais para cl\u00ednicas de cirurgias pl\u00e1stica\u00a0<\/a><\/li>\n<\/ul>\n\n\n\n<div id=\"ez-toc-container\" class=\"ez-toc-v2_0_81 counter-hierarchy ez-toc-counter ez-toc-grey ez-toc-container-direction\">\n<div class=\"ez-toc-title-container\">\n<p class=\"ez-toc-title\" style=\"cursor:inherit\">O que abordaremos neste artigo:<\/p>\n<span class=\"ez-toc-title-toggle\"><a href=\"#\" class=\"ez-toc-pull-right ez-toc-btn ez-toc-btn-xs ez-toc-btn-default ez-toc-toggle\" aria-label=\"Alternar tabela de conte\u00fado\"><span class=\"ez-toc-js-icon-con\"><span class=\"\"><span class=\"eztoc-hide\" style=\"display:none;\">Toggle<\/span><span class=\"ez-toc-icon-toggle-span\"><svg style=\"fill: #999;color:#999\" xmlns=\"http:\/\/www.w3.org\/2000\/svg\" class=\"list-377408\" width=\"20px\" height=\"20px\" viewBox=\"0 0 24 24\" fill=\"none\"><path d=\"M6 6H4v2h2V6zm14 0H8v2h12V6zM4 11h2v2H4v-2zm16 0H8v2h12v-2zM4 16h2v2H4v-2zm16 0H8v2h12v-2z\" fill=\"currentColor\"><\/path><\/svg><svg style=\"fill: #999;color:#999\" class=\"arrow-unsorted-368013\" xmlns=\"http:\/\/www.w3.org\/2000\/svg\" width=\"10px\" height=\"10px\" viewBox=\"0 0 24 24\" version=\"1.2\" baseProfile=\"tiny\"><path d=\"M18.2 9.3l-6.2-6.3-6.2 6.3c-.2.2-.3.4-.3.7s.1.5.3.7c.2.2.4.3.7.3h11c.3 0 .5-.1.7-.3.2-.2.3-.5.3-.7s-.1-.5-.3-.7zM5.8 14.7l6.2 6.3 6.2-6.3c.2-.2.3-.5.3-.7s-.1-.5-.3-.7c-.2-.2-.4-.3-.7-.3h-11c-.3 0-.5.1-.7.3-.2.2-.3.5-.3.7s.1.5.3.7z\"\/><\/svg><\/span><\/span><\/span><\/a><\/span><\/div>\n<nav><ul class='ez-toc-list ez-toc-list-level-1 ' ><li class='ez-toc-page-1 ez-toc-heading-level-2'><a class=\"ez-toc-link ez-toc-heading-1\" href=\"https:\/\/www.globalcleantoalhas.com.br\/blog\/como-higienizar-capas-de-corte-do-jeito-certo\/#Como_lavar_capas_de_corte_sem_danificar_o_tecido\" >Como lavar capas de corte sem danificar o tecido?<\/a><ul class='ez-toc-list-level-3' ><li class='ez-toc-heading-level-3'><a class=\"ez-toc-link ez-toc-heading-2\" href=\"https:\/\/www.globalcleantoalhas.com.br\/blog\/como-higienizar-capas-de-corte-do-jeito-certo\/#Confira_as_orientacoes_da_peca\" >Confira as orienta\u00e7\u00f5es da pe\u00e7a<\/a><\/li><\/ul><\/li><li class='ez-toc-page-1 ez-toc-heading-level-2'><a class=\"ez-toc-link ez-toc-heading-3\" href=\"https:\/\/www.globalcleantoalhas.com.br\/blog\/como-higienizar-capas-de-corte-do-jeito-certo\/#Quais_cuidados_tomar_na_higienizacao_das_capas_de_corte\" >Quais cuidados tomar na higieniza\u00e7\u00e3o das capas de corte?<\/a><ul class='ez-toc-list-level-3' ><li class='ez-toc-heading-level-3'><a class=\"ez-toc-link ez-toc-heading-4\" href=\"https:\/\/www.globalcleantoalhas.com.br\/blog\/como-higienizar-capas-de-corte-do-jeito-certo\/#Secagem_e_armazenamento_tambem_importam\" >Secagem e armazenamento tamb\u00e9m importam<\/a><\/li><\/ul><\/li><li class='ez-toc-page-1 ez-toc-heading-level-2'><a class=\"ez-toc-link ez-toc-heading-5\" href=\"https:\/\/www.globalcleantoalhas.com.br\/blog\/como-higienizar-capas-de-corte-do-jeito-certo\/#Com_que_frequencia_as_capas_de_corte_devem_ser_higienizadas\" >Com que frequ\u00eancia as capas de corte devem ser higienizadas?<\/a><\/li><li class='ez-toc-page-1 ez-toc-heading-level-2'><a class=\"ez-toc-link ez-toc-heading-6\" href=\"https:\/\/www.globalcleantoalhas.com.br\/blog\/como-higienizar-capas-de-corte-do-jeito-certo\/#Quando_vale_a_pena_terceirizar_a_higienizacao\" >Quando vale a pena terceirizar a higieniza\u00e7\u00e3o?<\/a><\/li><li class='ez-toc-page-1 ez-toc-heading-level-2'><a class=\"ez-toc-link ez-toc-heading-7\" href=\"https:\/\/www.globalcleantoalhas.com.br\/blog\/como-higienizar-capas-de-corte-do-jeito-certo\/#Como_funciona_um_servico_profissional_de_higienizacao\" >Como funciona um servi\u00e7o profissional de higieniza\u00e7\u00e3o?<\/a><ul class='ez-toc-list-level-3' ><li class='ez-toc-heading-level-3'><a class=\"ez-toc-link ez-toc-heading-8\" href=\"https:\/\/www.globalcleantoalhas.com.br\/blog\/como-higienizar-capas-de-corte-do-jeito-certo\/#Controle_durante_todo_o_processo\" >Controle durante todo o processo<\/a><\/li><\/ul><\/li><li class='ez-toc-page-1 ez-toc-heading-level-2'><a class=\"ez-toc-link ez-toc-heading-9\" href=\"https:\/\/www.globalcleantoalhas.com.br\/blog\/como-higienizar-capas-de-corte-do-jeito-certo\/#Global_Clean_higienizacao_para_a_rotina_profissional\" >Global Clean: higieniza\u00e7\u00e3o para a rotina profissional<\/a><\/li><li class='ez-toc-page-1 ez-toc-heading-level-2'><a class=\"ez-toc-link ez-toc-heading-10\" href=\"https:\/\/www.globalcleantoalhas.com.br\/blog\/como-higienizar-capas-de-corte-do-jeito-certo\/#Capas_de_corte_bem_cuidadas_refletem_no_atendimento\" >Capas de corte bem cuidadas refletem no atendimento<\/a><\/li><\/ul><\/nav><\/div>\n<h2 class=\"wp-block-heading\"><span class=\"ez-toc-section\" id=\"Como_lavar_capas_de_corte_sem_danificar_o_tecido\"><\/span><strong>Como lavar capas de corte sem danificar o tecido?<\/strong><span class=\"ez-toc-section-end\"><\/span><\/h2>\n\n\n\n<p class=\"wp-block-paragraph\">Antes de colocar as <strong>capas de corte<\/strong> na lavagem, \u00e9 importante remover cabelos soltos e verificar se existem manchas ou res\u00edduos concentrados. Essa triagem permite identificar pe\u00e7as que precisam de aten\u00e7\u00e3o espec\u00edfica.<\/p>\n\n\n\n<p class=\"wp-block-paragraph\">Outro ponto fundamental \u00e9 respeitar as caracter\u00edsticas do tecido. Temperatura da \u00e1gua, produtos utilizados, tempo de lavagem e forma de secagem podem interferir diretamente na conserva\u00e7\u00e3o da pe\u00e7a.<\/p>\n\n\n\n<h3 class=\"wp-block-heading\"><span class=\"ez-toc-section\" id=\"Confira_as_orientacoes_da_peca\"><\/span><strong>Confira as orienta\u00e7\u00f5es da pe\u00e7a<\/strong><span class=\"ez-toc-section-end\"><\/span><\/h3>\n\n\n\n<p class=\"wp-block-paragraph\">As recomenda\u00e7\u00f5es do fabricante devem ser consideradas antes da lavagem. Alguns tecidos suportam temperaturas mais elevadas, enquanto outros podem sofrer deforma\u00e7\u00f5es, desbotamento ou perda de impermeabilidade quando submetidos a processos inadequados.<\/p>\n\n\n\n<p class=\"wp-block-paragraph\">Tamb\u00e9m vale separar as pe\u00e7as conforme suas caracter\u00edsticas. Misturar diferentes tipos de tecido ou itens com n\u00edveis distintos de sujeira pode prejudicar o resultado final da higieniza\u00e7\u00e3o.<\/p>\n\n\n\n<p class=\"wp-block-paragraph\"><strong>Uma boa lavagem precisa remover os res\u00edduos sem provocar um desgaste desnecess\u00e1rio da pe\u00e7a.<\/strong> Esse equil\u00edbrio \u00e9 especialmente importante em sal\u00f5es que utilizam suas capas v\u00e1rias vezes ao longo da semana.<\/p>\n\n\n\n<h2 class=\"wp-block-heading\"><span class=\"ez-toc-section\" id=\"Quais_cuidados_tomar_na_higienizacao_das_capas_de_corte\"><\/span><strong>Quais cuidados tomar na higieniza\u00e7\u00e3o das capas de corte?<\/strong><span class=\"ez-toc-section-end\"><\/span><\/h2>\n\n\n\n<p class=\"wp-block-paragraph\">Cada etapa do processo influencia o resultado. Lavar corretamente e armazenar a pe\u00e7a ainda \u00famida, por exemplo, pode comprometer todo o trabalho realizado anteriormente.<\/p>\n\n\n\n<p class=\"wp-block-paragraph\">Alguns cuidados ajudam a manter um padr\u00e3o mais consistente:<\/p>\n\n\n\n<ul class=\"wp-block-list\">\n<li>fa\u00e7a uma triagem antes da lavagem;<\/li>\n\n\n\n<li>remova cabelos e res\u00edduos superficiais;<\/li>\n\n\n\n<li>utilize produtos adequados ao tipo de tecido;<\/li>\n\n\n\n<li>respeite as orienta\u00e7\u00f5es de temperatura;<\/li>\n\n\n\n<li>garanta a secagem completa antes do armazenamento;<\/li>\n\n\n\n<li>mantenha pe\u00e7as limpas separadas das utilizadas.<\/li>\n<\/ul>\n\n\n\n<h3 class=\"wp-block-heading\"><span class=\"ez-toc-section\" id=\"Secagem_e_armazenamento_tambem_importam\"><\/span><strong>Secagem e armazenamento tamb\u00e9m importam<\/strong><span class=\"ez-toc-section-end\"><\/span><\/h3>\n\n\n\n<p class=\"wp-block-paragraph\">Depois da lavagem, as capas devem estar completamente secas antes de serem guardadas. A umidade residual favorece odores desagrad\u00e1veis e pode afetar a conserva\u00e7\u00e3o do tecido.<\/p>\n\n\n\n<p class=\"wp-block-paragraph\">O armazenamento tamb\u00e9m precisa ocorrer em um local limpo e protegido. <strong>A pe\u00e7a s\u00f3 est\u00e1 realmente pronta para uso quando permanece higienizada at\u00e9 o momento em que chega ao pr\u00f3ximo cliente.<\/strong><\/p>\n\n\n\n<p class=\"wp-block-paragraph\">Esse cuidado simples contribui para uma rotina mais previs\u00edvel e evita que todo o processo de higieniza\u00e7\u00e3o seja perdido por falhas na etapa final.<\/p>\n\n\n\n<ul class=\"wp-block-list\">\n<li><a href=\"https:\/\/www.globalcleantoalhas.com.br\/blog\/toalhas-para-clinica-de-estetica\/\">Onde alugar toalhas para cl\u00ednica de est\u00e9tica em SP?<\/a>\u00a0<\/li>\n<\/ul>\n\n\n\n<h2 class=\"wp-block-heading\"><span class=\"ez-toc-section\" id=\"Com_que_frequencia_as_capas_de_corte_devem_ser_higienizadas\"><\/span><strong>Com que frequ\u00eancia as capas de corte devem ser higienizadas?<\/strong><span class=\"ez-toc-section-end\"><\/span><\/h2>\n\n\n\n<p class=\"wp-block-paragraph\">N\u00e3o existe uma \u00fanica frequ\u00eancia adequada para todos os estabelecimentos. A rotina depende do volume de clientes, do tipo de servi\u00e7o realizado e da quantidade de pe\u00e7as dispon\u00edveis.<\/p>\n\n\n\n<p class=\"wp-block-paragraph\">O ponto central \u00e9 evitar que uma capa utilizada volte para o atendimento sem passar pelo processo definido pelo sal\u00e3o. Para isso, \u00e9 necess\u00e1rio calcular um estoque capaz de acompanhar a movimenta\u00e7\u00e3o di\u00e1ria.<\/p>\n\n\n\n<p class=\"wp-block-paragraph\">Em estabelecimentos movimentados, essa gest\u00e3o pode se tornar um desafio operacional. \u00c9 comum que a equipe precise conciliar atendimento, organiza\u00e7\u00e3o, lavagem, secagem, separa\u00e7\u00e3o e armazenamento das pe\u00e7as.<\/p>\n\n\n\n<p class=\"wp-block-paragraph\"><strong>Quanto maior o fluxo de clientes, mais importante se torna transformar a higieniza\u00e7\u00e3o em um processo planejado, e n\u00e3o em uma tarefa realizada apenas quando as pe\u00e7as come\u00e7am a faltar.<\/strong><\/p>\n\n\n\n<h2 class=\"wp-block-heading\"><span class=\"ez-toc-section\" id=\"Quando_vale_a_pena_terceirizar_a_higienizacao\"><\/span><strong>Quando vale a pena terceirizar a higieniza\u00e7\u00e3o?<\/strong><span class=\"ez-toc-section-end\"><\/span><\/h2>\n\n\n\n<p class=\"wp-block-paragraph\">A lavagem interna pode funcionar em opera\u00e7\u00f5es menores. Conforme o volume cresce, por\u00e9m, come\u00e7am a aparecer custos e responsabilidades que nem sempre ficam claros no dia a dia.<\/p>\n\n\n\n<p class=\"wp-block-paragraph\">\u00c9 preciso considerar equipamentos, \u00e1gua, energia, produtos de lavagem, espa\u00e7o para processamento, tempo dos funcion\u00e1rios e organiza\u00e7\u00e3o da log\u00edstica das pe\u00e7as.<\/p>\n\n\n\n<p class=\"wp-block-paragraph\">A terceiriza\u00e7\u00e3o costuma fazer sentido quando o estabelecimento:<\/p>\n\n\n\n<ul class=\"wp-block-list\">\n<li>utiliza grande quantidade de capas de corte diariamente;<\/li>\n\n\n\n<li>encontra dificuldade para manter pe\u00e7as limpas dispon\u00edveis;<\/li>\n\n\n\n<li>precisa liberar funcion\u00e1rios para atividades ligadas ao atendimento;<\/li>\n\n\n\n<li>n\u00e3o possui estrutura adequada para lavagem e secagem;<\/li>\n\n\n\n<li>busca maior previsibilidade na gest\u00e3o dos itens t\u00eaxteis.<\/li>\n<\/ul>\n\n\n\n<p class=\"wp-block-paragraph\">Nesse modelo, a empresa especializada assume etapas da higieniza\u00e7\u00e3o, permitindo que o sal\u00e3o concentre sua estrutura e equipe na pr\u00f3pria opera\u00e7\u00e3o.<\/p>\n\n\n\n<h2 class=\"wp-block-heading\"><span class=\"ez-toc-section\" id=\"Como_funciona_um_servico_profissional_de_higienizacao\"><\/span><strong>Como funciona um servi\u00e7o profissional de higieniza\u00e7\u00e3o?<\/strong><span class=\"ez-toc-section-end\"><\/span><\/h2>\n\n\n\n<p class=\"wp-block-paragraph\">A higieniza\u00e7\u00e3o profissional trabalha com processos definidos para receber, separar, lavar, inspecionar e preparar os itens para retorno ao cliente. A organiza\u00e7\u00e3o dessas etapas \u00e9 importante para atender opera\u00e7\u00f5es que precisam manter disponibilidade constante de pe\u00e7as.<\/p>\n\n\n\n<h3 class=\"wp-block-heading\"><span class=\"ez-toc-section\" id=\"Controle_durante_todo_o_processo\"><\/span><strong>Controle durante todo o processo<\/strong><span class=\"ez-toc-section-end\"><\/span><\/h3>\n\n\n\n<p class=\"wp-block-paragraph\">Uma estrutura profissional permite ajustar o processo conforme caracter\u00edsticas do tecido e n\u00edvel de sujidade. Equipamentos apropriados e profissionais capacitados tamb\u00e9m ajudam a manter maior regularidade entre os ciclos de lavagem.<\/p>\n\n\n\n<p class=\"wp-block-paragraph\">Outro diferencial est\u00e1 na log\u00edstica. <strong>Quando coleta, processamento e entrega fazem parte de uma rotina programada, o estabelecimento consegue reduzir a preocupa\u00e7\u00e3o com a disponibilidade das pe\u00e7as.<\/strong><\/p>\n\n\n\n<p class=\"wp-block-paragraph\">Para sal\u00f5es, barbearias e outros neg\u00f3cios de beleza, essa previsibilidade pode representar menos tempo dedicado \u00e0 lavanderia e maior aten\u00e7\u00e3o \u00e0s atividades que realmente fazem parte do atendimento ao cliente.<\/p>\n\n\n\n<ul class=\"wp-block-list\">\n<li><a href=\"https:\/\/www.globalcleantoalhas.com.br\/blog\/toalhas-para-massagem-vale-a-pena-terceirizar\/\">Toalhas para massagem: vale a pena terceirizar?<\/a>\u00a0<\/li>\n<\/ul>\n\n\n\n<h2 class=\"wp-block-heading\"><span class=\"ez-toc-section\" id=\"Global_Clean_higienizacao_para_a_rotina_profissional\"><\/span><strong>Global Clean: higieniza\u00e7\u00e3o para a rotina profissional<\/strong><span class=\"ez-toc-section-end\"><\/span><\/h2>\n\n\n\n<p class=\"wp-block-paragraph\">A Global Clean atua h\u00e1 mais de 30 anos com solu\u00e7\u00f5es voltadas \u00e0 higieniza\u00e7\u00e3o e gest\u00e3o de enxovais e uniformes para empresas. Entre os segmentos atendidos est\u00e3o sal\u00f5es de beleza, academias, restaurantes, hot\u00e9is, spas e outros estabelecimentos profissionais.<\/p>\n\n\n\n<p class=\"wp-block-paragraph\">A opera\u00e7\u00e3o conta com equipamentos modernos, equipe qualificada e estrutura preparada para atender diferentes necessidades de higieniza\u00e7\u00e3o. A empresa tamb\u00e9m possui <strong>log\u00edstica pr\u00f3pria, o que permite organizar coletas e entregas de acordo com a opera\u00e7\u00e3o de cada cliente.<\/strong><\/p>\n\n\n\n<p class=\"wp-block-paragraph\">O atendimento \u00e9 consultivo e personalizado. Isso permite analisar caracter\u00edsticas como volume de pe\u00e7as, frequ\u00eancia de utiliza\u00e7\u00e3o e necessidades espec\u00edficas de cada neg\u00f3cio antes de estabelecer a rotina do servi\u00e7o.<\/p>\n\n\n\n<p class=\"wp-block-paragraph\">Para estabelecimentos que querem reduzir atividades internas relacionadas \u00e0 lavanderia, contar com uma estrutura especializada tamb\u00e9m pode trazer praticidade, organiza\u00e7\u00e3o e maior previsibilidade operacional.<\/p>\n\n\n\n<h2 class=\"wp-block-heading\"><span class=\"ez-toc-section\" id=\"Capas_de_corte_bem_cuidadas_refletem_no_atendimento\"><\/span><strong>Capas de corte bem cuidadas refletem no atendimento<\/strong><span class=\"ez-toc-section-end\"><\/span><\/h2>\n\n\n\n<p class=\"wp-block-paragraph\">Manter as <strong>capas de corte<\/strong> corretamente higienizadas parece um detalhe da opera\u00e7\u00e3o, mas \u00e9 justamente esse tipo de cuidado que ajuda a construir a percep\u00e7\u00e3o de organiza\u00e7\u00e3o e profissionalismo de um sal\u00e3o.<\/p>\n\n\n\n<p class=\"wp-block-paragraph\">Quando lavagem, secagem, armazenamento e reposi\u00e7\u00e3o seguem uma rotina definida, a equipe trabalha com mais tranquilidade e reduz problemas como falta de pe\u00e7as, odores, manchas e desgaste antecipado.<\/p>\n\n\n\n<p class=\"wp-block-paragraph\">Para opera\u00e7\u00f5es com grande volume, terceirizar esse processo pode simplificar significativamente a rotina. A Global Clean oferece estrutura, experi\u00eancia, equipamentos modernos e log\u00edstica pr\u00f3pria para empresas que buscam uma solu\u00e7\u00e3o profissional para higieniza\u00e7\u00e3o de pe\u00e7as.<\/p>\n\n\n\n<p class=\"wp-block-paragraph\"><strong>Quer facilitar a gest\u00e3o das capas de corte do seu estabelecimento?<\/strong> <a href=\"https:\/\/api.whatsapp.com\/send?phone=5511953528637\"><strong>Entre em contato com a Global Clean<\/strong><\/a> <strong>e conhe\u00e7a uma solu\u00e7\u00e3o de higieniza\u00e7\u00e3o planejada para a rotina da sua empresa.<\/strong><\/p>\n","protected":false},"excerpt":{"rendered":"<p><span class=\"span-reading-time rt-reading-time\" style=\"display: block;\"><span class=\"rt-label rt-prefix\">Tempo de leitura:<\/span> <span class=\"rt-time\"> 4<\/span> <span class=\"rt-label rt-postfix\">minutos<\/span><\/span>Aprenda como higienizar capas de corte corretamente, evitar danos ao tecido e manter um padr\u00e3o profissional de limpeza no sal\u00e3o. As capas de corte devem ser higienizadas ap\u00f3s o uso, com remo\u00e7\u00e3o de cabelos e res\u00edduos, lavagem adequada ao tipo de tecido, secagem completa e armazenamento em local limpo. Esse cuidado evita o ac\u00famulo de sujeira, preserva a pe\u00e7a e ajuda o sal\u00e3o a manter um padr\u00e3o profissional de higiene. Como essas capas passam por diferentes clientes ao longo da rotina, a higieniza\u00e7\u00e3o precisa seguir um processo bem definido. Temperatura da \u00e1gua, produtos utilizados, forma de lavagem e secagem influenciam diretamente no resultado e na durabilidade do material. Em sal\u00f5es e barbearias com grande fluxo de atendimentos, essa rotina tamb\u00e9m exige organiza\u00e7\u00e3o. Ter pe\u00e7as limpas sempre dispon\u00edveis evita improvisos e reduz o risco de reutilizar uma capa antes que ela esteja devidamente higienizada. Como lavar capas de corte sem danificar o tecido? Antes de colocar as capas de corte na lavagem, \u00e9 importante remover cabelos soltos e verificar se existem manchas ou res\u00edduos concentrados. Essa triagem permite identificar pe\u00e7as que precisam de aten\u00e7\u00e3o espec\u00edfica. Outro ponto fundamental \u00e9 respeitar as caracter\u00edsticas do tecido. Temperatura da \u00e1gua, produtos utilizados, tempo de lavagem e forma de secagem podem interferir diretamente na conserva\u00e7\u00e3o da pe\u00e7a. Confira as orienta\u00e7\u00f5es da pe\u00e7a As recomenda\u00e7\u00f5es do fabricante devem ser consideradas antes da lavagem. Alguns tecidos suportam temperaturas mais elevadas, enquanto outros podem sofrer deforma\u00e7\u00f5es, desbotamento ou perda de impermeabilidade quando submetidos a processos inadequados. Tamb\u00e9m vale separar as pe\u00e7as conforme suas caracter\u00edsticas. Misturar diferentes tipos de tecido ou itens com n\u00edveis distintos de sujeira pode prejudicar o resultado final da higieniza\u00e7\u00e3o. Uma boa lavagem precisa remover os res\u00edduos sem provocar um desgaste desnecess\u00e1rio da pe\u00e7a. Esse equil\u00edbrio \u00e9 especialmente importante em sal\u00f5es que utilizam suas capas v\u00e1rias vezes ao longo da semana. Quais cuidados tomar na higieniza\u00e7\u00e3o das capas de corte? Cada etapa do processo influencia o resultado. Lavar corretamente e armazenar a pe\u00e7a ainda \u00famida, por exemplo, pode comprometer todo o trabalho realizado anteriormente. Alguns cuidados ajudam a manter um padr\u00e3o mais consistente: Secagem e armazenamento tamb\u00e9m importam Depois da lavagem, as capas devem estar completamente secas antes de serem guardadas. A umidade residual favorece odores desagrad\u00e1veis e pode afetar a conserva\u00e7\u00e3o do tecido. O armazenamento tamb\u00e9m precisa ocorrer em um local limpo e protegido. A pe\u00e7a s\u00f3 est\u00e1 realmente pronta para uso quando permanece higienizada at\u00e9 o momento em que chega ao pr\u00f3ximo cliente. Esse cuidado simples contribui para uma rotina mais previs\u00edvel e evita que todo o processo de higieniza\u00e7\u00e3o seja perdido por falhas na etapa final. Com que frequ\u00eancia as capas de corte devem ser higienizadas? N\u00e3o existe uma \u00fanica frequ\u00eancia adequada para todos os estabelecimentos. A rotina depende do volume de clientes, do tipo de servi\u00e7o realizado e da quantidade de pe\u00e7as dispon\u00edveis. O ponto central \u00e9 evitar que uma capa utilizada volte para o atendimento sem passar pelo processo definido pelo sal\u00e3o. Para isso, \u00e9 necess\u00e1rio calcular um estoque capaz de acompanhar a movimenta\u00e7\u00e3o di\u00e1ria. Em estabelecimentos movimentados, essa gest\u00e3o pode se tornar um desafio operacional. \u00c9 comum que a equipe precise conciliar atendimento, organiza\u00e7\u00e3o, lavagem, secagem, separa\u00e7\u00e3o e armazenamento das pe\u00e7as. Quanto maior o fluxo de clientes, mais importante se torna transformar a higieniza\u00e7\u00e3o em um processo planejado, e n\u00e3o em uma tarefa realizada apenas quando as pe\u00e7as come\u00e7am a faltar. Quando vale a pena terceirizar a higieniza\u00e7\u00e3o? A lavagem interna pode funcionar em opera\u00e7\u00f5es menores. Conforme o volume cresce, por\u00e9m, come\u00e7am a aparecer custos e responsabilidades que nem sempre ficam claros no dia a dia. \u00c9 preciso considerar equipamentos, \u00e1gua, energia, produtos de lavagem, espa\u00e7o para processamento, tempo dos funcion\u00e1rios e organiza\u00e7\u00e3o da log\u00edstica das pe\u00e7as. A terceiriza\u00e7\u00e3o costuma fazer sentido quando o estabelecimento: Nesse modelo, a empresa especializada assume etapas da higieniza\u00e7\u00e3o, permitindo que o sal\u00e3o concentre sua estrutura e equipe na pr\u00f3pria opera\u00e7\u00e3o. Como funciona um servi\u00e7o profissional de higieniza\u00e7\u00e3o? A higieniza\u00e7\u00e3o profissional trabalha com processos definidos para receber, separar, lavar, inspecionar e preparar os itens para retorno ao cliente. A organiza\u00e7\u00e3o dessas etapas \u00e9 importante para atender opera\u00e7\u00f5es que precisam manter disponibilidade constante de pe\u00e7as. Controle durante todo o processo Uma estrutura profissional permite ajustar o processo conforme caracter\u00edsticas do tecido e n\u00edvel de sujidade. Equipamentos apropriados e profissionais capacitados tamb\u00e9m ajudam a manter maior regularidade entre os ciclos de lavagem. Outro diferencial est\u00e1 na log\u00edstica. Quando coleta, processamento e entrega fazem parte de uma rotina programada, o estabelecimento consegue reduzir a preocupa\u00e7\u00e3o com a disponibilidade das pe\u00e7as. Para sal\u00f5es, barbearias e outros neg\u00f3cios de beleza, essa previsibilidade pode representar menos tempo dedicado \u00e0 lavanderia e maior aten\u00e7\u00e3o \u00e0s atividades que realmente fazem parte do atendimento ao cliente. Global Clean: higieniza\u00e7\u00e3o para a rotina profissional A Global Clean atua h\u00e1 mais de 30 anos com solu\u00e7\u00f5es voltadas \u00e0 higieniza\u00e7\u00e3o e gest\u00e3o de enxovais e uniformes para empresas. Entre os segmentos atendidos est\u00e3o sal\u00f5es de beleza, academias, restaurantes, hot\u00e9is, spas e outros estabelecimentos profissionais. A opera\u00e7\u00e3o conta com equipamentos modernos, equipe qualificada e estrutura preparada para atender diferentes necessidades de higieniza\u00e7\u00e3o. A empresa tamb\u00e9m possui log\u00edstica pr\u00f3pria, o que permite organizar coletas e entregas de acordo com a opera\u00e7\u00e3o de cada cliente. O atendimento \u00e9 consultivo e personalizado. Isso permite analisar caracter\u00edsticas como volume de pe\u00e7as, frequ\u00eancia de utiliza\u00e7\u00e3o e necessidades espec\u00edficas de cada neg\u00f3cio antes de estabelecer a rotina do servi\u00e7o. Para estabelecimentos que querem reduzir atividades internas relacionadas \u00e0 lavanderia, contar com uma estrutura especializada tamb\u00e9m pode trazer praticidade, organiza\u00e7\u00e3o e maior previsibilidade operacional. Capas de corte bem cuidadas refletem no atendimento Manter as capas de corte corretamente higienizadas parece um detalhe da opera\u00e7\u00e3o, mas \u00e9 justamente esse tipo de cuidado que ajuda a construir a percep\u00e7\u00e3o de organiza\u00e7\u00e3o e profissionalismo de um sal\u00e3o. Quando lavagem, secagem, armazenamento e reposi\u00e7\u00e3o seguem uma rotina definida, a equipe trabalha com mais tranquilidade e reduz problemas como falta de pe\u00e7as, odores, manchas e desgaste antecipado. Para opera\u00e7\u00f5es com grande volume, terceirizar esse processo pode simplificar significativamente<\/p>\n","protected":false},"author":1,"featured_media":4102,"comment_status":"open","ping_status":"open","sticky":false,"template":"","format":"standard","meta":{"footnotes":""},"categories":[2527],"tags":[7106,7111,7110,7125,7127,7130,7128,7132,7134,7109,7123,7116,7124,7136,7126,7129,7117,7138,7119,7121,7107,7155,7151,7156,7153,7157,7154,7143,7142,7158,7146,7150,7148,7147,7152,7149,7159,7140,7144,7141,7145,7120,7122,7112,7114,7108,7118,6703,7113,5752,7115,7135,7137,7131,7139,7074,7133],"class_list":["post-4101","post","type-post","status-publish","format-standard","has-post-thumbnail","hentry","category-lavagem-e-higienizacao","tag-capas-de-corte","tag-capas-de-corte-para-barbearia","tag-capas-de-corte-para-salao","tag-capas-de-corte-podem-ser-lavadas-na-maquina","tag-com-que-frequencia-lavar-capas-de-corte","tag-como-armazenar-capas-de-corte","tag-como-conservar-capas-de-corte","tag-como-evitar-odores-em-capas-de-corte","tag-como-funciona-a-higienizacao-profissional-de-capas","tag-como-higienizar-capas-de-corte","tag-como-higienizar-capas-de-corte-2","tag-como-lavar-capas-de-corte","tag-como-lavar-capas-de-corte-2","tag-como-organizar-capas-de-corte-em-um-salao","tag-como-remover-cabelo-das-capas-de-corte","tag-como-secar-capas-de-corte-corretamente","tag-cuidados-com-capas-de-corte","tag-empresa-de-higienizacao-de-capas-de-corte","tag-gestao-de-enxoval-para-salao","tag-global-clean-higienizacao","tag-higienizacao-de-capas-de-corte","tag-higienizacao-de-capas-de-corte-em-diadema","tag-higienizacao-de-capas-de-corte-em-guarulhos","tag-higienizacao-de-capas-de-corte-em-osasco","tag-higienizacao-de-capas-de-corte-em-santo-andre","tag-higienizacao-de-capas-de-corte-em-sao-bernardo","tag-higienizacao-de-capas-de-corte-em-sao-caetano","tag-higienizacao-de-capas-de-corte-em-sao-paulo","tag-higienizacao-de-capas-de-corte-em-sp","tag-higienizacao-de-capas-de-corte-na-baixada-santista","tag-higienizacao-de-capas-de-corte-na-zona-leste","tag-higienizacao-de-capas-de-corte-na-zona-norte","tag-higienizacao-de-capas-de-corte-na-zona-oeste","tag-higienizacao-de-capas-de-corte-na-zona-sul","tag-higienizacao-de-capas-de-corte-no-abc","tag-higienizacao-de-capas-de-corte-no-centro","tag-higienizacao-de-capas-de-corte-no-litoral","tag-higienizacao-de-capas-de-corte-onde-encontrar","tag-higienizacao-de-capas-de-corte-perto-de-mim","tag-higienizacao-de-capas-de-corte-preco","tag-higienizacao-de-capas-de-corte-proximo-a-mim","tag-higienizacao-de-tecidos-profissionais","tag-higienizacao-para-barbearias","tag-higienizacao-para-salao-de-beleza","tag-higienizacao-profissional-de-capas","tag-lavagem-de-capas-de-corte","tag-lavagem-de-enxoval-para-salao","tag-lavagem-profissional-de-enxovais","tag-lavagem-profissional-para-salao","tag-lavanderia-para-salao-de-beleza","tag-limpeza-de-capas-de-corte","tag-qual-a-melhor-forma-de-limpar-capas-de-corte","tag-quando-contratar-uma-lavanderia-para-salao","tag-quando-trocar-as-capas-de-corte","tag-servico-de-higienizacao-de-capas-de-corte","tag-terceirizacao-de-lavanderia-para-salao","tag-vale-a-pena-terceirizar-a-lavagem-de-capas-de-corte"],"yoast_head":"<!-- This site is optimized with the Yoast SEO plugin v27.1.1 - https:\/\/yoast.com\/product\/yoast-seo-wordpress\/ -->\n<title>Como higienizar capas de corte do jeito certo - Blog<\/title>\n<meta name=\"description\" content=\"Aprenda como higienizar capas de corte corretamente, evitar danos ao tecido e manter um padr\u00e3o profissional de limpeza no sal\u00e3o.\" \/>\n<meta name=\"robots\" content=\"index, follow, max-snippet:-1, max-image-preview:large, max-video-preview:-1\" \/>\n<link rel=\"canonical\" href=\"https:\/\/www.globalcleantoalhas.com.br\/blog\/como-higienizar-capas-de-corte-do-jeito-certo\/\" \/>\n<meta property=\"og:locale\" content=\"pt_BR\" \/>\n<meta property=\"og:type\" content=\"article\" \/>\n<meta property=\"og:title\" content=\"Como higienizar capas de corte do jeito certo - Blog\" \/>\n<meta property=\"og:description\" content=\"Aprenda como higienizar capas de corte corretamente, evitar danos ao tecido e manter um padr\u00e3o profissional de limpeza no sal\u00e3o.\" \/>\n<meta property=\"og:url\" content=\"https:\/\/www.globalcleantoalhas.com.br\/blog\/como-higienizar-capas-de-corte-do-jeito-certo\/\" \/>\n<meta property=\"og:site_name\" content=\"Blog\" \/>\n<meta property=\"article:published_time\" content=\"2026-09-01T19:06:13+00:00\" \/>\n<meta property=\"article:modified_time\" content=\"2026-09-01T19:06:22+00:00\" \/>\n<meta property=\"og:image\" content=\"https:\/\/www.globalcleantoalhas.com.br\/blog\/wp-content\/uploads\/2026\/09\/image-2026-09-01T160046.659.jpg\" \/>\n\t<meta property=\"og:image:width\" content=\"1672\" \/>\n\t<meta property=\"og:image:height\" content=\"941\" \/>\n\t<meta property=\"og:image:type\" content=\"image\/jpeg\" \/>\n<meta name=\"author\" content=\"admin\" \/>\n<meta name=\"twitter:card\" content=\"summary_large_image\" \/>\n<meta name=\"twitter:label1\" content=\"Escrito por\" \/>\n\t<meta name=\"twitter:data1\" content=\"admin\" \/>\n\t<meta name=\"twitter:label2\" content=\"Est. tempo de leitura\" \/>\n\t<meta name=\"twitter:data2\" content=\"7 minutos\" \/>\n<script type=\"application\/ld+json\" class=\"yoast-schema-graph\">{\"@context\":\"https:\/\/schema.org\",\"@graph\":[{\"@type\":\"Article\",\"@id\":\"https:\/\/www.globalcleantoalhas.com.br\/blog\/como-higienizar-capas-de-corte-do-jeito-certo\/#article\",\"isPartOf\":{\"@id\":\"https:\/\/www.globalcleantoalhas.com.br\/blog\/como-higienizar-capas-de-corte-do-jeito-certo\/\"},\"author\":{\"name\":\"admin\",\"@id\":\"https:\/\/www.globalcleantoalhas.com.br\/blog\/#\/schema\/person\/abc2e0048f443ac6ea93e10bfd021879\"},\"headline\":\"Como higienizar capas de corte do jeito certo\",\"datePublished\":\"2026-09-01T19:06:13+00:00\",\"dateModified\":\"2026-09-01T19:06:22+00:00\",\"mainEntityOfPage\":{\"@id\":\"https:\/\/www.globalcleantoalhas.com.br\/blog\/como-higienizar-capas-de-corte-do-jeito-certo\/\"},\"wordCount\":1296,\"commentCount\":1,\"publisher\":{\"@id\":\"https:\/\/www.globalcleantoalhas.com.br\/blog\/#organization\"},\"image\":{\"@id\":\"https:\/\/www.globalcleantoalhas.com.br\/blog\/como-higienizar-capas-de-corte-do-jeito-certo\/#primaryimage\"},\"thumbnailUrl\":\"https:\/\/www.globalcleantoalhas.com.br\/blog\/wp-content\/uploads\/2026\/09\/image-2026-09-01T160046.659.jpg\",\"keywords\":[\"capas de corte\",\"capas de corte para barbearia\",\"capas de corte para sal\u00e3o\",\"capas de corte podem ser lavadas na m\u00e1quina?\",\"com que frequ\u00eancia lavar capas de corte?\",\"como armazenar capas de corte?\",\"como conservar capas de corte?\",\"como evitar odores em capas de corte?\",\"como funciona a higieniza\u00e7\u00e3o profissional de capas?\",\"como higienizar capas de corte\",\"como higienizar capas de corte?\",\"como lavar capas de corte\",\"como lavar capas de corte?\",\"como organizar capas de corte em um sal\u00e3o?\",\"como remover cabelo das capas de corte?\",\"como secar capas de corte corretamente?\",\"cuidados com capas de corte\",\"empresa de higieniza\u00e7\u00e3o de capas de corte\",\"gest\u00e3o de enxoval para sal\u00e3o\",\"Global Clean higieniza\u00e7\u00e3o\",\"higieniza\u00e7\u00e3o de capas de corte\",\"higieniza\u00e7\u00e3o de capas de corte em Diadema\",\"higieniza\u00e7\u00e3o de capas de corte em Guarulhos\",\"higieniza\u00e7\u00e3o de capas de corte em Osasco\",\"higieniza\u00e7\u00e3o de capas de corte em Santo Andr\u00e9\",\"higieniza\u00e7\u00e3o de capas de corte em S\u00e3o Bernardo\",\"higieniza\u00e7\u00e3o de capas de corte em S\u00e3o Caetano\",\"higieniza\u00e7\u00e3o de capas de corte em s\u00e3o paulo\",\"higieniza\u00e7\u00e3o de capas de corte em sp\",\"higieniza\u00e7\u00e3o de capas de corte na baixada santista\",\"higieniza\u00e7\u00e3o de capas de corte na zona leste\",\"higieniza\u00e7\u00e3o de capas de corte na zona norte\",\"higieniza\u00e7\u00e3o de capas de corte na zona oeste\",\"higieniza\u00e7\u00e3o de capas de corte na zona sul\",\"higieniza\u00e7\u00e3o de capas de corte no ABC\",\"higieniza\u00e7\u00e3o de capas de corte no centro\",\"higieniza\u00e7\u00e3o de capas de corte no litoral\",\"higieniza\u00e7\u00e3o de capas de corte onde encontrar\",\"higieniza\u00e7\u00e3o de capas de corte perto de mim\",\"higieniza\u00e7\u00e3o de capas de corte pre\u00e7o\",\"higieniza\u00e7\u00e3o de capas de corte pr\u00f3ximo a mim\",\"higieniza\u00e7\u00e3o de tecidos profissionais\",\"higieniza\u00e7\u00e3o para barbearias\",\"higieniza\u00e7\u00e3o para sal\u00e3o de beleza\",\"higieniza\u00e7\u00e3o profissional de capas\",\"lavagem de capas de corte\",\"lavagem de enxoval para sal\u00e3o\",\"lavagem profissional de enxovais\",\"lavagem profissional para sal\u00e3o\",\"lavanderia para sal\u00e3o de beleza\",\"limpeza de capas de corte\",\"qual a melhor forma de limpar capas de corte?\",\"quando contratar uma lavanderia para sal\u00e3o?\",\"quando trocar as capas de corte?\",\"servi\u00e7o de higieniza\u00e7\u00e3o de capas de corte\",\"terceiriza\u00e7\u00e3o de lavanderia para sal\u00e3o\",\"vale a pena terceirizar a lavagem de capas de corte?\"],\"articleSection\":[\"Lavagem e Higieniza\u00e7\u00e3o\"],\"inLanguage\":\"pt-BR\",\"potentialAction\":[{\"@type\":\"CommentAction\",\"name\":\"Comment\",\"target\":[\"https:\/\/www.globalcleantoalhas.com.br\/blog\/como-higienizar-capas-de-corte-do-jeito-certo\/#respond\"]}]},{\"@type\":\"WebPage\",\"@id\":\"https:\/\/www.globalcleantoalhas.com.br\/blog\/como-higienizar-capas-de-corte-do-jeito-certo\/\",\"url\":\"https:\/\/www.globalcleantoalhas.com.br\/blog\/como-higienizar-capas-de-corte-do-jeito-certo\/\",\"name\":\"Como higienizar capas de corte do jeito certo - Blog\",\"isPartOf\":{\"@id\":\"https:\/\/www.globalcleantoalhas.com.br\/blog\/#website\"},\"primaryImageOfPage\":{\"@id\":\"https:\/\/www.globalcleantoalhas.com.br\/blog\/como-higienizar-capas-de-corte-do-jeito-certo\/#primaryimage\"},\"image\":{\"@id\":\"https:\/\/www.globalcleantoalhas.com.br\/blog\/como-higienizar-capas-de-corte-do-jeito-certo\/#primaryimage\"},\"thumbnailUrl\":\"https:\/\/www.globalcleantoalhas.com.br\/blog\/wp-content\/uploads\/2026\/09\/image-2026-09-01T160046.659.jpg\",\"datePublished\":\"2026-09-01T19:06:13+00:00\",\"dateModified\":\"2026-09-01T19:06:22+00:00\",\"description\":\"Aprenda como higienizar capas de corte corretamente, evitar danos ao tecido e manter um padr\u00e3o profissional de limpeza no sal\u00e3o.\",\"breadcrumb\":{\"@id\":\"https:\/\/www.globalcleantoalhas.com.br\/blog\/como-higienizar-capas-de-corte-do-jeito-certo\/#breadcrumb\"},\"inLanguage\":\"pt-BR\",\"potentialAction\":[{\"@type\":\"ReadAction\",\"target\":[\"https:\/\/www.globalcleantoalhas.com.br\/blog\/como-higienizar-capas-de-corte-do-jeito-certo\/\"]}]},{\"@type\":\"ImageObject\",\"inLanguage\":\"pt-BR\",\"@id\":\"https:\/\/www.globalcleantoalhas.com.br\/blog\/como-higienizar-capas-de-corte-do-jeito-certo\/#primaryimage\",\"url\":\"https:\/\/www.globalcleantoalhas.com.br\/blog\/wp-content\/uploads\/2026\/09\/image-2026-09-01T160046.659.jpg\",\"contentUrl\":\"https:\/\/www.globalcleantoalhas.com.br\/blog\/wp-content\/uploads\/2026\/09\/image-2026-09-01T160046.659.jpg\",\"width\":1672,\"height\":941,\"caption\":\"Como higienizar capas de corte do jeito certo\"},{\"@type\":\"BreadcrumbList\",\"@id\":\"https:\/\/www.globalcleantoalhas.com.br\/blog\/como-higienizar-capas-de-corte-do-jeito-certo\/#breadcrumb\",\"itemListElement\":[{\"@type\":\"ListItem\",\"position\":1,\"name\":\"In\u00edcio\",\"item\":\"https:\/\/www.globalcleantoalhas.com.br\/blog\/\"},{\"@type\":\"ListItem\",\"position\":2,\"name\":\"Como higienizar capas de corte do jeito certo\"}]},{\"@type\":\"WebSite\",\"@id\":\"https:\/\/www.globalcleantoalhas.com.br\/blog\/#website\",\"url\":\"https:\/\/www.globalcleantoalhas.com.br\/blog\/\",\"name\":\"Blog\",\"description\":\"\",\"publisher\":{\"@id\":\"https:\/\/www.globalcleantoalhas.com.br\/blog\/#organization\"},\"potentialAction\":[{\"@type\":\"SearchAction\",\"target\":{\"@type\":\"EntryPoint\",\"urlTemplate\":\"https:\/\/www.globalcleantoalhas.com.br\/blog\/?s={search_term_string}\"},\"query-input\":{\"@type\":\"PropertyValueSpecification\",\"valueRequired\":true,\"valueName\":\"search_term_string\"}}],\"inLanguage\":\"pt-BR\"},{\"@type\":\"Organization\",\"@id\":\"https:\/\/www.globalcleantoalhas.com.br\/blog\/#organization\",\"name\":\"Blog\",\"url\":\"https:\/\/www.globalcleantoalhas.com.br\/blog\/\",\"logo\":{\"@type\":\"ImageObject\",\"inLanguage\":\"pt-BR\",\"@id\":\"https:\/\/www.globalcleantoalhas.com.br\/blog\/#\/schema\/logo\/image\/\",\"url\":\"https:\/\/www.globalcleantoalhas.com.br\/blog\/wp-content\/uploads\/2025\/11\/imgi_1_logo.png\",\"contentUrl\":\"https:\/\/www.globalcleantoalhas.com.br\/blog\/wp-content\/uploads\/2025\/11\/imgi_1_logo.png\",\"width\":480,\"height\":533,\"caption\":\"Blog\"},\"image\":{\"@id\":\"https:\/\/www.globalcleantoalhas.com.br\/blog\/#\/schema\/logo\/image\/\"}},{\"@type\":\"Person\",\"@id\":\"https:\/\/www.globalcleantoalhas.com.br\/blog\/#\/schema\/person\/abc2e0048f443ac6ea93e10bfd021879\",\"name\":\"admin\",\"image\":{\"@type\":\"ImageObject\",\"inLanguage\":\"pt-BR\",\"@id\":\"https:\/\/www.globalcleantoalhas.com.br\/blog\/#\/schema\/person\/image\/\",\"url\":\"https:\/\/secure.gravatar.com\/avatar\/d2abb7e535a7590a6f9b76c75c90ec5441db3a04a205e6d66ecabfb80081f172?s=96&d=mm&r=g\",\"contentUrl\":\"https:\/\/secure.gravatar.com\/avatar\/d2abb7e535a7590a6f9b76c75c90ec5441db3a04a205e6d66ecabfb80081f172?s=96&d=mm&r=g\",\"caption\":\"admin\"},\"sameAs\":[\"https:\/\/allgreenbobinasetiquetas.com\/blog\"],\"url\":\"https:\/\/www.globalcleantoalhas.com.br\/blog\/author\/admin\/\"}]}<\/script>\n<!-- \/ Yoast SEO plugin. -->","yoast_head_json":{"title":"Como higienizar capas de corte do jeito certo - Blog","description":"Aprenda como higienizar capas de corte corretamente, evitar danos ao tecido e manter um padr\u00e3o profissional de limpeza no sal\u00e3o.","robots":{"index":"index","follow":"follow","max-snippet":"max-snippet:-1","max-image-preview":"max-image-preview:large","max-video-preview":"max-video-preview:-1"},"canonical":"https:\/\/www.globalcleantoalhas.com.br\/blog\/como-higienizar-capas-de-corte-do-jeito-certo\/","og_locale":"pt_BR","og_type":"article","og_title":"Como higienizar capas de corte do jeito certo - Blog","og_description":"Aprenda como higienizar capas de corte corretamente, evitar danos ao tecido e manter um padr\u00e3o profissional de limpeza no sal\u00e3o.","og_url":"https:\/\/www.globalcleantoalhas.com.br\/blog\/como-higienizar-capas-de-corte-do-jeito-certo\/","og_site_name":"Blog","article_published_time":"2026-09-01T19:06:13+00:00","article_modified_time":"2026-09-01T19:06:22+00:00","og_image":[{"width":1672,"height":941,"url":"https:\/\/www.globalcleantoalhas.com.br\/blog\/wp-content\/uploads\/2026\/09\/image-2026-09-01T160046.659.jpg","type":"image\/jpeg"}],"author":"admin","twitter_card":"summary_large_image","twitter_misc":{"Escrito por":"admin","Est. tempo de leitura":"7 minutos"},"schema":{"@context":"https:\/\/schema.org","@graph":[{"@type":"Article","@id":"https:\/\/www.globalcleantoalhas.com.br\/blog\/como-higienizar-capas-de-corte-do-jeito-certo\/#article","isPartOf":{"@id":"https:\/\/www.globalcleantoalhas.com.br\/blog\/como-higienizar-capas-de-corte-do-jeito-certo\/"},"author":{"name":"admin","@id":"https:\/\/www.globalcleantoalhas.com.br\/blog\/#\/schema\/person\/abc2e0048f443ac6ea93e10bfd021879"},"headline":"Como higienizar capas de corte do jeito certo","datePublished":"2026-09-01T19:06:13+00:00","dateModified":"2026-09-01T19:06:22+00:00","mainEntityOfPage":{"@id":"https:\/\/www.globalcleantoalhas.com.br\/blog\/como-higienizar-capas-de-corte-do-jeito-certo\/"},"wordCount":1296,"commentCount":1,"publisher":{"@id":"https:\/\/www.globalcleantoalhas.com.br\/blog\/#organization"},"image":{"@id":"https:\/\/www.globalcleantoalhas.com.br\/blog\/como-higienizar-capas-de-corte-do-jeito-certo\/#primaryimage"},"thumbnailUrl":"https:\/\/www.globalcleantoalhas.com.br\/blog\/wp-content\/uploads\/2026\/09\/image-2026-09-01T160046.659.jpg","keywords":["capas de corte","capas de corte para barbearia","capas de corte para sal\u00e3o","capas de corte podem ser lavadas na m\u00e1quina?","com que frequ\u00eancia lavar capas de corte?","como armazenar capas de corte?","como conservar capas de corte?","como evitar odores em capas de corte?","como funciona a higieniza\u00e7\u00e3o profissional de capas?","como higienizar capas de corte","como higienizar capas de corte?","como lavar capas de corte","como lavar capas de corte?","como organizar capas de corte em um sal\u00e3o?","como remover cabelo das capas de corte?","como secar capas de corte corretamente?","cuidados com capas de corte","empresa de higieniza\u00e7\u00e3o de capas de corte","gest\u00e3o de enxoval para sal\u00e3o","Global Clean higieniza\u00e7\u00e3o","higieniza\u00e7\u00e3o de capas de corte","higieniza\u00e7\u00e3o de capas de corte em Diadema","higieniza\u00e7\u00e3o de capas de corte em Guarulhos","higieniza\u00e7\u00e3o de capas de corte em Osasco","higieniza\u00e7\u00e3o de capas de corte em Santo Andr\u00e9","higieniza\u00e7\u00e3o de capas de corte em S\u00e3o Bernardo","higieniza\u00e7\u00e3o de capas de corte em S\u00e3o Caetano","higieniza\u00e7\u00e3o de capas de corte em s\u00e3o paulo","higieniza\u00e7\u00e3o de capas de corte em sp","higieniza\u00e7\u00e3o de capas de corte na baixada santista","higieniza\u00e7\u00e3o de capas de corte na zona leste","higieniza\u00e7\u00e3o de capas de corte na zona norte","higieniza\u00e7\u00e3o de capas de corte na zona oeste","higieniza\u00e7\u00e3o de capas de corte na zona sul","higieniza\u00e7\u00e3o de capas de corte no ABC","higieniza\u00e7\u00e3o de capas de corte no centro","higieniza\u00e7\u00e3o de capas de corte no litoral","higieniza\u00e7\u00e3o de capas de corte onde encontrar","higieniza\u00e7\u00e3o de capas de corte perto de mim","higieniza\u00e7\u00e3o de capas de corte pre\u00e7o","higieniza\u00e7\u00e3o de capas de corte pr\u00f3ximo a mim","higieniza\u00e7\u00e3o de tecidos profissionais","higieniza\u00e7\u00e3o para barbearias","higieniza\u00e7\u00e3o para sal\u00e3o de beleza","higieniza\u00e7\u00e3o profissional de capas","lavagem de capas de corte","lavagem de enxoval para sal\u00e3o","lavagem profissional de enxovais","lavagem profissional para sal\u00e3o","lavanderia para sal\u00e3o de beleza","limpeza de capas de corte","qual a melhor forma de limpar capas de corte?","quando contratar uma lavanderia para sal\u00e3o?","quando trocar as capas de corte?","servi\u00e7o de higieniza\u00e7\u00e3o de capas de corte","terceiriza\u00e7\u00e3o de lavanderia para sal\u00e3o","vale a pena terceirizar a lavagem de capas de corte?"],"articleSection":["Lavagem e Higieniza\u00e7\u00e3o"],"inLanguage":"pt-BR","potentialAction":[{"@type":"CommentAction","name":"Comment","target":["https:\/\/www.globalcleantoalhas.com.br\/blog\/como-higienizar-capas-de-corte-do-jeito-certo\/#respond"]}]},{"@type":"WebPage","@id":"https:\/\/www.globalcleantoalhas.com.br\/blog\/como-higienizar-capas-de-corte-do-jeito-certo\/","url":"https:\/\/www.globalcleantoalhas.com.br\/blog\/como-higienizar-capas-de-corte-do-jeito-certo\/","name":"Como higienizar capas de corte do jeito certo - Blog","isPartOf":{"@id":"https:\/\/www.globalcleantoalhas.com.br\/blog\/#website"},"primaryImageOfPage":{"@id":"https:\/\/www.globalcleantoalhas.com.br\/blog\/como-higienizar-capas-de-corte-do-jeito-certo\/#primaryimage"},"image":{"@id":"https:\/\/www.globalcleantoalhas.com.br\/blog\/como-higienizar-capas-de-corte-do-jeito-certo\/#primaryimage"},"thumbnailUrl":"https:\/\/www.globalcleantoalhas.com.br\/blog\/wp-content\/uploads\/2026\/09\/image-2026-09-01T160046.659.jpg","datePublished":"2026-09-01T19:06:13+00:00","dateModified":"2026-09-01T19:06:22+00:00","description":"Aprenda como higienizar capas de corte corretamente, evitar danos ao tecido e manter um padr\u00e3o profissional de limpeza no sal\u00e3o.","breadcrumb":{"@id":"https:\/\/www.globalcleantoalhas.com.br\/blog\/como-higienizar-capas-de-corte-do-jeito-certo\/#breadcrumb"},"inLanguage":"pt-BR","potentialAction":[{"@type":"ReadAction","target":["https:\/\/www.globalcleantoalhas.com.br\/blog\/como-higienizar-capas-de-corte-do-jeito-certo\/"]}]},{"@type":"ImageObject","inLanguage":"pt-BR","@id":"https:\/\/www.globalcleantoalhas.com.br\/blog\/como-higienizar-capas-de-corte-do-jeito-certo\/#primaryimage","url":"https:\/\/www.globalcleantoalhas.com.br\/blog\/wp-content\/uploads\/2026\/09\/image-2026-09-01T160046.659.jpg","contentUrl":"https:\/\/www.globalcleantoalhas.com.br\/blog\/wp-content\/uploads\/2026\/09\/image-2026-09-01T160046.659.jpg","width":1672,"height":941,"caption":"Como higienizar capas de corte do jeito certo"},{"@type":"BreadcrumbList","@id":"https:\/\/www.globalcleantoalhas.com.br\/blog\/como-higienizar-capas-de-corte-do-jeito-certo\/#breadcrumb","itemListElement":[{"@type":"ListItem","position":1,"name":"In\u00edcio","item":"https:\/\/www.globalcleantoalhas.com.br\/blog\/"},{"@type":"ListItem","position":2,"name":"Como higienizar capas de corte do jeito certo"}]},{"@type":"WebSite","@id":"https:\/\/www.globalcleantoalhas.com.br\/blog\/#website","url":"https:\/\/www.globalcleantoalhas.com.br\/blog\/","name":"Blog","description":"","publisher":{"@id":"https:\/\/www.globalcleantoalhas.com.br\/blog\/#organization"},"potentialAction":[{"@type":"SearchAction","target":{"@type":"EntryPoint","urlTemplate":"https:\/\/www.globalcleantoalhas.com.br\/blog\/?s={search_term_string}"},"query-input":{"@type":"PropertyValueSpecification","valueRequired":true,"valueName":"search_term_string"}}],"inLanguage":"pt-BR"},{"@type":"Organization","@id":"https:\/\/www.globalcleantoalhas.com.br\/blog\/#organization","name":"Blog","url":"https:\/\/www.globalcleantoalhas.com.br\/blog\/","logo":{"@type":"ImageObject","inLanguage":"pt-BR","@id":"https:\/\/www.globalcleantoalhas.com.br\/blog\/#\/schema\/logo\/image\/","url":"https:\/\/www.globalcleantoalhas.com.br\/blog\/wp-content\/uploads\/2025\/11\/imgi_1_logo.png","contentUrl":"https:\/\/www.globalcleantoalhas.com.br\/blog\/wp-content\/uploads\/2025\/11\/imgi_1_logo.png","width":480,"height":533,"caption":"Blog"},"image":{"@id":"https:\/\/www.globalcleantoalhas.com.br\/blog\/#\/schema\/logo\/image\/"}},{"@type":"Person","@id":"https:\/\/www.globalcleantoalhas.com.br\/blog\/#\/schema\/person\/abc2e0048f443ac6ea93e10bfd021879","name":"admin","image":{"@type":"ImageObject","inLanguage":"pt-BR","@id":"https:\/\/www.globalcleantoalhas.com.br\/blog\/#\/schema\/person\/image\/","url":"https:\/\/secure.gravatar.com\/avatar\/d2abb7e535a7590a6f9b76c75c90ec5441db3a04a205e6d66ecabfb80081f172?s=96&d=mm&r=g","contentUrl":"https:\/\/secure.gravatar.com\/avatar\/d2abb7e535a7590a6f9b76c75c90ec5441db3a04a205e6d66ecabfb80081f172?s=96&d=mm&r=g","caption":"admin"},"sameAs":["https:\/\/allgreenbobinasetiquetas.com\/blog"],"url":"https:\/\/www.globalcleantoalhas.com.br\/blog\/author\/admin\/"}]}},"_links":{"self":[{"href":"https:\/\/www.globalcleantoalhas.com.br\/blog\/wp-json\/wp\/v2\/posts\/4101","targetHints":{"allow":["GET"]}}],"collection":[{"href":"https:\/\/www.globalcleantoalhas.com.br\/blog\/wp-json\/wp\/v2\/posts"}],"about":[{"href":"https:\/\/www.globalcleantoalhas.com.br\/blog\/wp-json\/wp\/v2\/types\/post"}],"author":[{"embeddable":true,"href":"https:\/\/www.globalcleantoalhas.com.br\/blog\/wp-json\/wp\/v2\/users\/1"}],"replies":[{"embeddable":true,"href":"https:\/\/www.globalcleantoalhas.com.br\/blog\/wp-json\/wp\/v2\/comments?post=4101"}],"version-history":[{"count":1,"href":"https:\/\/www.globalcleantoalhas.com.br\/blog\/wp-json\/wp\/v2\/posts\/4101\/revisions"}],"predecessor-version":[{"id":4103,"href":"https:\/\/www.globalcleantoalhas.com.br\/blog\/wp-json\/wp\/v2\/posts\/4101\/revisions\/4103"}],"wp:featuredmedia":[{"embeddable":true,"href":"https:\/\/www.globalcleantoalhas.com.br\/blog\/wp-json\/wp\/v2\/media\/4102"}],"wp:attachment":[{"href":"https:\/\/www.globalcleantoalhas.com.br\/blog\/wp-json\/wp\/v2\/media?parent=4101"}],"wp:term":[{"taxonomy":"category","embeddable":true,"href":"https:\/\/www.globalcleantoalhas.com.br\/blog\/wp-json\/wp\/v2\/categories?post=4101"},{"taxonomy":"post_tag","embeddable":true,"href":"https:\/\/www.globalcleantoalhas.com.br\/blog\/wp-json\/wp\/v2\/tags?post=4101"}],"curies":[{"name":"wp","href":"https:\/\/api.w.org\/{rel}","templated":true}]}}